{"id":258,"date":"2020-03-08T23:06:45","date_gmt":"2020-03-08T22:06:45","guid":{"rendered":"https:\/\/www.cdu-neudorf.de\/cms\/?p=258"},"modified":"2020-03-09T22:57:03","modified_gmt":"2020-03-09T21:57:03","slug":"wahl-der-kandidatinnen-und-kandidaten-fuer-die-duisburger-ratswahl","status":"publish","type":"post","link":"https:\/\/www.cdu-neudorf.de\/cms\/wahl-der-kandidatinnen-und-kandidaten-fuer-die-duisburger-ratswahl\/","title":{"rendered":"Wahl der Kandidaten f\u00fcr die Duisburger-Ratswahl"},"content":{"rendered":"<p>Am 7. M\u00e4rz 2020 hat die CDU-Duisburg auf der Kreisvertreterversammlung die Bewerberinnen und Bewerber f\u00fcr die Ratswahl im September 2020 benannt. <!--more-->Die Beiden vom Ortsverband-Neudorf nominierten Kandidaten wurden von den Delegierten f\u00fcr die Wahlbezirke Neudorf-Nord und Neudorf-S\u00fcd gew\u00e4hlt.<\/p>\n<p><img loading=\"lazy\" decoding=\"async\" class=\"alignleft wp-image-247 \" src=\"https:\/\/www.cdu-neudorf.de\/cms\/wp-content\/uploads\/2020\/03\/20200307_112804-1024x576.jpg\" alt=\"\" width=\"492\" height=\"277\" srcset=\"https:\/\/www.cdu-neudorf.de\/cms\/wp-content\/uploads\/2020\/03\/20200307_112804-1024x576.jpg 1024w, https:\/\/www.cdu-neudorf.de\/cms\/wp-content\/uploads\/2020\/03\/20200307_112804-300x169.jpg 300w, https:\/\/www.cdu-neudorf.de\/cms\/wp-content\/uploads\/2020\/03\/20200307_112804-768x432.jpg 768w\" sizes=\"auto, (max-width: 492px) 100vw, 492px\" \/> <img loading=\"lazy\" decoding=\"async\" class=\"aligncenter wp-image-248 \" src=\"https:\/\/www.cdu-neudorf.de\/cms\/wp-content\/uploads\/2020\/03\/20200307_130952-1024x576.jpg\" alt=\"\" width=\"489\" height=\"275\" srcset=\"https:\/\/www.cdu-neudorf.de\/cms\/wp-content\/uploads\/2020\/03\/20200307_130952-1024x576.jpg 1024w, https:\/\/www.cdu-neudorf.de\/cms\/wp-content\/uploads\/2020\/03\/20200307_130952-300x169.jpg 300w, https:\/\/www.cdu-neudorf.de\/cms\/wp-content\/uploads\/2020\/03\/20200307_130952-768x432.jpg 768w\" sizes=\"auto, (max-width: 489px) 100vw, 489px\" \/><\/p>\n","protected":false},"excerpt":{"rendered":"<p>Am 7. M\u00e4rz 2020 hat die CDU-Duisburg auf der Kreisvertreterversammlung die Bewerberinnen und Bewerber f\u00fcr die Ratswahl im September 2020 benannt.<\/p>\n","protected":false},"author":2,"featured_media":249,"comment_status":"closed","ping_status":"closed","sticky":false,"template":"","format":"standard","meta":{"footnotes":""},"categories":[3],"tags":[],"class_list":["post-258","post","type-post","status-publish","format-standard","has-post-thumbnail","hentry","category-neuigkeiten"],"_links":{"self":[{"href":"https:\/\/www.cdu-neudorf.de\/cms\/wp-json\/wp\/v2\/posts\/258","targetHints":{"allow":["GET"]}}],"collection":[{"href":"https:\/\/www.cdu-neudorf.de\/cms\/wp-json\/wp\/v2\/posts"}],"about":[{"href":"https:\/\/www.cdu-neudorf.de\/cms\/wp-json\/wp\/v2\/types\/post"}],"author":[{"embeddable":true,"href":"https:\/\/www.cdu-neudorf.de\/cms\/wp-json\/wp\/v2\/users\/2"}],"replies":[{"embeddable":true,"href":"https:\/\/www.cdu-neudorf.de\/cms\/wp-json\/wp\/v2\/comments?post=258"}],"version-history":[{"count":12,"href":"https:\/\/www.cdu-neudorf.de\/cms\/wp-json\/wp\/v2\/posts\/258\/revisions"}],"predecessor-version":[{"id":278,"href":"https:\/\/www.cdu-neudorf.de\/cms\/wp-json\/wp\/v2\/posts\/258\/revisions\/278"}],"wp:featuredmedia":[{"embeddable":true,"href":"https:\/\/www.cdu-neudorf.de\/cms\/wp-json\/wp\/v2\/media\/249"}],"wp:attachment":[{"href":"https:\/\/www.cdu-neudorf.de\/cms\/wp-json\/wp\/v2\/media?parent=258"}],"wp:term":[{"taxonomy":"category","embeddable":true,"href":"https:\/\/www.cdu-neudorf.de\/cms\/wp-json\/wp\/v2\/categories?post=258"},{"taxonomy":"post_tag","embeddable":true,"href":"https:\/\/www.cdu-neudorf.de\/cms\/wp-json\/wp\/v2\/tags?post=258"}],"curies":[{"name":"wp","href":"https:\/\/api.w.org\/{rel}","templated":true}]}}