{"id":309,"date":"2020-06-07T15:24:14","date_gmt":"2020-06-07T13:24:14","guid":{"rendered":"https:\/\/www.cdu-neudorf.de\/cms\/?p=309"},"modified":"2020-06-07T15:53:03","modified_gmt":"2020-06-07T13:53:03","slug":"kandidaten-fuer-bezirk-mitte-gewaehlt","status":"publish","type":"post","link":"https:\/\/www.cdu-neudorf.de\/cms\/kandidaten-fuer-bezirk-mitte-gewaehlt\/","title":{"rendered":"Kandidaten f\u00fcr Bezirk-Mitte gew\u00e4hlt"},"content":{"rendered":"\n<p>Dank der schrittweisen Lockerungen der letzten Wochen konnten nun endlich die CDU-Kandidatinnen und CDU-Kandidaten f\u00fcr den Bezirk-Mitte gew\u00e4hlt werden. <\/p>\n\n\n\n<!--more-->\n\n\n\n<p>Geeignete R\u00e4umlichkeiten f\u00fcr die Wahl zu finden war gar nicht so einfach. Gastst\u00e4tten und Lokale sind teilweise noch geschlossen oder k\u00f6nnen nicht die entsprechende Fl\u00e4che bieten, damit der Sicherheitsabstand f\u00fcr die Delegierten gew\u00e4hrleistet ist. <\/p>\n\n\n\n<p>Gl\u00fccklicherweise fand sich nun eine gute L\u00f6sung mit ausreichend Platz. Mit Desinfektionsmittel, eigenen Kugelschreibern, guter Bel\u00fcftung, Alltagsmasken und nat\u00fcrlich unter Einhaltung des n\u00f6tigen Abstands von 1,5 m oder mehr konnte die Wahl der Kandidatinnen und Kandidaten f\u00fcr die Bezirksvertretung Bezirk-Mitte sowie der Ersatzbewerberinnen und Ersatzbewerber der Liste reibungslos durchgef\u00fchrt werden.<\/p>\n\n\n\n<p>Eine Wahl unter solch ungew\u00f6hnlichen Umst\u00e4nden hat es bisher noch nicht gegeben. Auch an dieser Stelle nochmal ein gro\u00dfes Dankesch\u00f6n f\u00fcr die gute und ordnungsgem\u00e4\u00dfe Organisation und Vorbereitung durch die Kreisgesch\u00e4ftsstelle. <\/p>\n","protected":false},"excerpt":{"rendered":"<p>Dank der schrittweisen Lockerungen der letzten Wochen konnten nun endlich die CDU-Kandidatinnen und CDU-Kandidaten f\u00fcr den Bezirk-Mitte gew\u00e4hlt werden.<\/p>\n","protected":false},"author":2,"featured_media":312,"comment_status":"closed","ping_status":"closed","sticky":false,"template":"","format":"standard","meta":{"footnotes":""},"categories":[3],"tags":[],"class_list":["post-309","post","type-post","status-publish","format-standard","has-post-thumbnail","hentry","category-neuigkeiten"],"_links":{"self":[{"href":"https:\/\/www.cdu-neudorf.de\/cms\/wp-json\/wp\/v2\/posts\/309","targetHints":{"allow":["GET"]}}],"collection":[{"href":"https:\/\/www.cdu-neudorf.de\/cms\/wp-json\/wp\/v2\/posts"}],"about":[{"href":"https:\/\/www.cdu-neudorf.de\/cms\/wp-json\/wp\/v2\/types\/post"}],"author":[{"embeddable":true,"href":"https:\/\/www.cdu-neudorf.de\/cms\/wp-json\/wp\/v2\/users\/2"}],"replies":[{"embeddable":true,"href":"https:\/\/www.cdu-neudorf.de\/cms\/wp-json\/wp\/v2\/comments?post=309"}],"version-history":[{"count":13,"href":"https:\/\/www.cdu-neudorf.de\/cms\/wp-json\/wp\/v2\/posts\/309\/revisions"}],"predecessor-version":[{"id":326,"href":"https:\/\/www.cdu-neudorf.de\/cms\/wp-json\/wp\/v2\/posts\/309\/revisions\/326"}],"wp:featuredmedia":[{"embeddable":true,"href":"https:\/\/www.cdu-neudorf.de\/cms\/wp-json\/wp\/v2\/media\/312"}],"wp:attachment":[{"href":"https:\/\/www.cdu-neudorf.de\/cms\/wp-json\/wp\/v2\/media?parent=309"}],"wp:term":[{"taxonomy":"category","embeddable":true,"href":"https:\/\/www.cdu-neudorf.de\/cms\/wp-json\/wp\/v2\/categories?post=309"},{"taxonomy":"post_tag","embeddable":true,"href":"https:\/\/www.cdu-neudorf.de\/cms\/wp-json\/wp\/v2\/tags?post=309"}],"curies":[{"name":"wp","href":"https:\/\/api.w.org\/{rel}","templated":true}]}}